{"id":16095,"date":"2025-09-23T19:38:37","date_gmt":"2025-09-23T19:38:37","guid":{"rendered":"https:\/\/primeirospassos.ind.br\/?p=16095"},"modified":"2025-09-23T19:39:39","modified_gmt":"2025-09-23T19:39:39","slug":"a-versatilidade-das-meias-personalizadas-de-eventos-a-e-commerce","status":"publish","type":"post","link":"https:\/\/primeirospassos.ind.br\/?p=16095","title":{"rendered":"A versatilidade das meias personalizadas: de eventos a e-commerce"},"content":{"rendered":"\t\t<div data-elementor-type=\"wp-post\" data-elementor-id=\"16095\" class=\"elementor elementor-16095\">\n\t\t\t\t<div class=\"elementor-element elementor-element-c17b978 e-flex e-con-boxed e-con e-parent\" data-id=\"c17b978\" data-element_type=\"container\">\n\t\t\t\t\t<div class=\"e-con-inner\">\n\t\t\t\t<div class=\"elementor-element elementor-element-6a97702c elementor-widget elementor-widget-text-editor\" data-id=\"6a97702c\" data-element_type=\"widget\" data-widget_type=\"text-editor.default\">\n\t\t\t\t<div class=\"elementor-widget-container\">\n\t\t\t\t\t\t\t\t\t<p>A meia personalizada deixou de ser apenas um acess\u00f3rio do dia a dia para se tornar um verdadeiro produto de comunica\u00e7\u00e3o e valor agregado. Seja em eventos, a\u00e7\u00f5es promocionais ou mesmo como item de venda no e-commerce, ela se adapta com facilidade a diferentes contextos, e \u00e9 exatamente essa versatilidade que a transforma em uma excelente escolha estrat\u00e9gica.<\/p><p>Em eventos corporativos, por exemplo, a meia \u00e9 um brinde fora do \u00f3bvio, que chama aten\u00e7\u00e3o e entrega funcionalidade. Seja em feiras, lan\u00e7amentos de produto ou conven\u00e7\u00f5es internas, distribuir meias personalizadas com a identidade visual da marca \u00e9 uma forma criativa de engajar e refor\u00e7ar o posicionamento. E o melhor: as pessoas realmente usam.<\/p><p>No universo do e-commerce, a meia personalizada pode ganhar vida pr\u00f3pria. Marcas de roupas, influenciadores, academias, bandas e criadores de conte\u00fado est\u00e3o aproveitando o potencial das meias como extens\u00e3o de identidade e produto oficial. Produzidas com qualidade e estilo, elas se tornam itens colecion\u00e1veis e geram vendas recorrentes. Afinal, todo mundo usa meia, e todo mundo ama ter uma com personalidade.<\/p><p><img fetchpriority=\"high\" decoding=\"async\" class=\"alignnone size-full wp-image-15870\" src=\"http:\/\/primeirospassos.ind.br\/wp-content\/uploads\/2025\/06\/Primeiros_Passos_02-06.png\" alt=\"\" width=\"1080\" height=\"1350\" \/><\/p><p>Outra vantagem da meia \u00e9 sua capacidade de se moldar a diferentes p\u00fablicos e estilos. Do social ao esportivo, do l\u00fadico ao institucional, a customiza\u00e7\u00e3o permite criar cole\u00e7\u00f5es sob medida, com linguagem e design alinhados \u00e0 proposta da marca. \u00c9 essa flexibilidade que transforma um simples par em uma poderosa ferramenta de conex\u00e3o.<\/p><p>Na PP, entendemos que cada cliente tem uma necessidade \u00fanica. Por isso, al\u00e9m da produ\u00e7\u00e3o sob demanda, oferecemos consultoria criativa e estrutura para atender desde grandes eventos at\u00e9 lojistas em crescimento. Seja qual for o seu objetivo, existe um modelo ideal de meia para dar vida \u00e0 sua ideia.<\/p><p>Se voc\u00ea est\u00e1 procurando um produto que \u00e9 ao mesmo tempo funcional, criativo e altamente compartilh\u00e1vel, a meia personalizada \u00e9 a resposta. E com a f\u00e1brica certa por tr\u00e1s, a sua marca pode ir muito mais longe, um passo de cada vez.<\/p>\t\t\t\t\t\t\t\t<\/div>\n\t\t\t\t<\/div>\n\t\t\t\t\t<\/div>\n\t\t\t\t<\/div>\n\t\t\t\t<\/div>\n\t\t","protected":false},"excerpt":{"rendered":"<p>A meia personalizada deixou de ser apenas um acess\u00f3rio do dia a dia para se tornar um verdadeiro produto de comunica\u00e7\u00e3o e valor agregado. Seja em eventos, a\u00e7\u00f5es promocionais ou mesmo como item de venda no e-commerce, ela se adapta com facilidade a diferentes contextos, e \u00e9 exatamente essa versatilidade que a transforma em uma [&hellip;]<\/p>\n","protected":false},"author":1,"featured_media":15870,"comment_status":"closed","ping_status":"open","sticky":false,"template":"","format":"standard","meta":{"_joinchat":[],"footnotes":""},"categories":[62],"tags":[60,61,59,58,57],"class_list":["post-16095","post","type-post","status-publish","format-standard","has-post-thumbnail","hentry","category-meias","tag-brindes","tag-empresas","tag-meias-coloridas","tag-meias-divertidas","tag-meias-personalizadas"],"yoast_head":"<!-- This site is optimized with the Yoast SEO plugin v25.7 - https:\/\/yoast.com\/wordpress\/plugins\/seo\/ -->\n<title>A versatilidade das meias personalizadas: de eventos a e-commerce - Primeiros Passos<\/title>\n<meta name=\"robots\" content=\"index, follow, max-snippet:-1, max-image-preview:large, max-video-preview:-1\" \/>\n<link rel=\"canonical\" href=\"https:\/\/primeirospassos.ind.br\/?p=16095\" \/>\n<meta property=\"og:locale\" content=\"en_US\" \/>\n<meta property=\"og:type\" content=\"article\" \/>\n<meta property=\"og:title\" content=\"A versatilidade das meias personalizadas: de eventos a e-commerce - Primeiros Passos\" \/>\n<meta property=\"og:description\" content=\"A meia personalizada deixou de ser apenas um acess\u00f3rio do dia a dia para se tornar um verdadeiro produto de comunica\u00e7\u00e3o e valor agregado. Seja em eventos, a\u00e7\u00f5es promocionais ou mesmo como item de venda no e-commerce, ela se adapta com facilidade a diferentes contextos, e \u00e9 exatamente essa versatilidade que a transforma em uma [&hellip;]\" \/>\n<meta property=\"og:url\" content=\"https:\/\/primeirospassos.ind.br\/?p=16095\" \/>\n<meta property=\"og:site_name\" content=\"Primeiros Passos\" \/>\n<meta property=\"article:published_time\" content=\"2025-09-23T19:38:37+00:00\" \/>\n<meta property=\"article:modified_time\" content=\"2025-09-23T19:39:39+00:00\" \/>\n<meta property=\"og:image\" content=\"http:\/\/primeirospassos.ind.br\/wp-content\/uploads\/2025\/06\/Primeiros_Passos_02-06.png\" \/>\n\t<meta property=\"og:image:width\" content=\"1080\" \/>\n\t<meta property=\"og:image:height\" content=\"1350\" \/>\n\t<meta property=\"og:image:type\" content=\"image\/png\" \/>\n<meta name=\"author\" content=\"ppassos\" \/>\n<meta name=\"twitter:card\" content=\"summary_large_image\" \/>\n<meta name=\"twitter:label1\" content=\"Written by\" \/>\n\t<meta name=\"twitter:data1\" content=\"ppassos\" \/>\n\t<meta name=\"twitter:label2\" content=\"Est. reading time\" \/>\n\t<meta name=\"twitter:data2\" content=\"2 minutes\" \/>\n<script type=\"application\/ld+json\" class=\"yoast-schema-graph\">{\"@context\":\"https:\/\/schema.org\",\"@graph\":[{\"@type\":\"Article\",\"@id\":\"https:\/\/primeirospassos.ind.br\/?p=16095#article\",\"isPartOf\":{\"@id\":\"https:\/\/primeirospassos.ind.br\/?p=16095\"},\"author\":{\"name\":\"ppassos\",\"@id\":\"https:\/\/primeirospassos.ind.br\/#\/schema\/person\/e9d1152b84388ed9b723ddb51406d231\"},\"headline\":\"A versatilidade das meias personalizadas: de eventos a e-commerce\",\"datePublished\":\"2025-09-23T19:38:37+00:00\",\"dateModified\":\"2025-09-23T19:39:39+00:00\",\"mainEntityOfPage\":{\"@id\":\"https:\/\/primeirospassos.ind.br\/?p=16095\"},\"wordCount\":340,\"publisher\":{\"@id\":\"https:\/\/primeirospassos.ind.br\/#organization\"},\"image\":{\"@id\":\"https:\/\/primeirospassos.ind.br\/?p=16095#primaryimage\"},\"thumbnailUrl\":\"https:\/\/primeirospassos.ind.br\/wp-content\/uploads\/2025\/06\/Primeiros_Passos_02-06.png\",\"keywords\":[\"Brindes\",\"Empresas\",\"Meias Coloridas\",\"Meias Divertidas\",\"Meias Personalizadas\"],\"articleSection\":[\"Meias\"],\"inLanguage\":\"en-US\"},{\"@type\":\"WebPage\",\"@id\":\"https:\/\/primeirospassos.ind.br\/?p=16095\",\"url\":\"https:\/\/primeirospassos.ind.br\/?p=16095\",\"name\":\"A versatilidade das meias personalizadas: de eventos a e-commerce - Primeiros Passos\",\"isPartOf\":{\"@id\":\"https:\/\/primeirospassos.ind.br\/#website\"},\"primaryImageOfPage\":{\"@id\":\"https:\/\/primeirospassos.ind.br\/?p=16095#primaryimage\"},\"image\":{\"@id\":\"https:\/\/primeirospassos.ind.br\/?p=16095#primaryimage\"},\"thumbnailUrl\":\"https:\/\/primeirospassos.ind.br\/wp-content\/uploads\/2025\/06\/Primeiros_Passos_02-06.png\",\"datePublished\":\"2025-09-23T19:38:37+00:00\",\"dateModified\":\"2025-09-23T19:39:39+00:00\",\"breadcrumb\":{\"@id\":\"https:\/\/primeirospassos.ind.br\/?p=16095#breadcrumb\"},\"inLanguage\":\"en-US\",\"potentialAction\":[{\"@type\":\"ReadAction\",\"target\":[\"https:\/\/primeirospassos.ind.br\/?p=16095\"]}]},{\"@type\":\"ImageObject\",\"inLanguage\":\"en-US\",\"@id\":\"https:\/\/primeirospassos.ind.br\/?p=16095#primaryimage\",\"url\":\"https:\/\/primeirospassos.ind.br\/wp-content\/uploads\/2025\/06\/Primeiros_Passos_02-06.png\",\"contentUrl\":\"https:\/\/primeirospassos.ind.br\/wp-content\/uploads\/2025\/06\/Primeiros_Passos_02-06.png\",\"width\":1080,\"height\":1350},{\"@type\":\"BreadcrumbList\",\"@id\":\"https:\/\/primeirospassos.ind.br\/?p=16095#breadcrumb\",\"itemListElement\":[{\"@type\":\"ListItem\",\"position\":1,\"name\":\"Home\",\"item\":\"https:\/\/primeirospassos.ind.br\/\"},{\"@type\":\"ListItem\",\"position\":2,\"name\":\"A versatilidade das meias personalizadas: de eventos a e-commerce\"}]},{\"@type\":\"WebSite\",\"@id\":\"https:\/\/primeirospassos.ind.br\/#website\",\"url\":\"https:\/\/primeirospassos.ind.br\/\",\"name\":\"Primeiros Passos - Ind\u00fastria de Meias\",\"description\":\"Meias Personalizadas do seu Jeito!\",\"publisher\":{\"@id\":\"https:\/\/primeirospassos.ind.br\/#organization\"},\"potentialAction\":[{\"@type\":\"SearchAction\",\"target\":{\"@type\":\"EntryPoint\",\"urlTemplate\":\"https:\/\/primeirospassos.ind.br\/?s={search_term_string}\"},\"query-input\":{\"@type\":\"PropertyValueSpecification\",\"valueRequired\":true,\"valueName\":\"search_term_string\"}}],\"inLanguage\":\"en-US\"},{\"@type\":\"Organization\",\"@id\":\"https:\/\/primeirospassos.ind.br\/#organization\",\"name\":\"Primeiros Passos\",\"url\":\"https:\/\/primeirospassos.ind.br\/\",\"logo\":{\"@type\":\"ImageObject\",\"inLanguage\":\"en-US\",\"@id\":\"https:\/\/primeirospassos.ind.br\/#\/schema\/logo\/image\/\",\"url\":\"https:\/\/primeirospassos.ind.br\/wp-content\/uploads\/2025\/06\/Logo-Primeiros-Passos-02.png\",\"contentUrl\":\"https:\/\/primeirospassos.ind.br\/wp-content\/uploads\/2025\/06\/Logo-Primeiros-Passos-02.png\",\"width\":1500,\"height\":700,\"caption\":\"Primeiros Passos\"},\"image\":{\"@id\":\"https:\/\/primeirospassos.ind.br\/#\/schema\/logo\/image\/\"},\"sameAs\":[\"https:\/\/www.instagram.com\/primeirospassos.ind\/\"]},{\"@type\":\"Person\",\"@id\":\"https:\/\/primeirospassos.ind.br\/#\/schema\/person\/e9d1152b84388ed9b723ddb51406d231\",\"name\":\"ppassos\",\"image\":{\"@type\":\"ImageObject\",\"inLanguage\":\"en-US\",\"@id\":\"https:\/\/primeirospassos.ind.br\/#\/schema\/person\/image\/\",\"url\":\"https:\/\/secure.gravatar.com\/avatar\/213f66d1afaeeb48edca145a39413d86b7c88a35ea023ba70928e7140bb1a540?s=96&d=mm&r=g\",\"contentUrl\":\"https:\/\/secure.gravatar.com\/avatar\/213f66d1afaeeb48edca145a39413d86b7c88a35ea023ba70928e7140bb1a540?s=96&d=mm&r=g\",\"caption\":\"ppassos\"},\"sameAs\":[\"http:\/\/primeiros-passos.local\"],\"url\":\"https:\/\/primeirospassos.ind.br\/?author=1\"}]}<\/script>\n<!-- \/ Yoast SEO plugin. -->","yoast_head_json":{"title":"A versatilidade das meias personalizadas: de eventos a e-commerce - Primeiros Passos","robots":{"index":"index","follow":"follow","max-snippet":"max-snippet:-1","max-image-preview":"max-image-preview:large","max-video-preview":"max-video-preview:-1"},"canonical":"https:\/\/primeirospassos.ind.br\/?p=16095","og_locale":"en_US","og_type":"article","og_title":"A versatilidade das meias personalizadas: de eventos a e-commerce - Primeiros Passos","og_description":"A meia personalizada deixou de ser apenas um acess\u00f3rio do dia a dia para se tornar um verdadeiro produto de comunica\u00e7\u00e3o e valor agregado. Seja em eventos, a\u00e7\u00f5es promocionais ou mesmo como item de venda no e-commerce, ela se adapta com facilidade a diferentes contextos, e \u00e9 exatamente essa versatilidade que a transforma em uma [&hellip;]","og_url":"https:\/\/primeirospassos.ind.br\/?p=16095","og_site_name":"Primeiros Passos","article_published_time":"2025-09-23T19:38:37+00:00","article_modified_time":"2025-09-23T19:39:39+00:00","og_image":[{"width":1080,"height":1350,"url":"http:\/\/primeirospassos.ind.br\/wp-content\/uploads\/2025\/06\/Primeiros_Passos_02-06.png","type":"image\/png"}],"author":"ppassos","twitter_card":"summary_large_image","twitter_misc":{"Written by":"ppassos","Est. reading time":"2 minutes"},"schema":{"@context":"https:\/\/schema.org","@graph":[{"@type":"Article","@id":"https:\/\/primeirospassos.ind.br\/?p=16095#article","isPartOf":{"@id":"https:\/\/primeirospassos.ind.br\/?p=16095"},"author":{"name":"ppassos","@id":"https:\/\/primeirospassos.ind.br\/#\/schema\/person\/e9d1152b84388ed9b723ddb51406d231"},"headline":"A versatilidade das meias personalizadas: de eventos a e-commerce","datePublished":"2025-09-23T19:38:37+00:00","dateModified":"2025-09-23T19:39:39+00:00","mainEntityOfPage":{"@id":"https:\/\/primeirospassos.ind.br\/?p=16095"},"wordCount":340,"publisher":{"@id":"https:\/\/primeirospassos.ind.br\/#organization"},"image":{"@id":"https:\/\/primeirospassos.ind.br\/?p=16095#primaryimage"},"thumbnailUrl":"https:\/\/primeirospassos.ind.br\/wp-content\/uploads\/2025\/06\/Primeiros_Passos_02-06.png","keywords":["Brindes","Empresas","Meias Coloridas","Meias Divertidas","Meias Personalizadas"],"articleSection":["Meias"],"inLanguage":"en-US"},{"@type":"WebPage","@id":"https:\/\/primeirospassos.ind.br\/?p=16095","url":"https:\/\/primeirospassos.ind.br\/?p=16095","name":"A versatilidade das meias personalizadas: de eventos a e-commerce - Primeiros Passos","isPartOf":{"@id":"https:\/\/primeirospassos.ind.br\/#website"},"primaryImageOfPage":{"@id":"https:\/\/primeirospassos.ind.br\/?p=16095#primaryimage"},"image":{"@id":"https:\/\/primeirospassos.ind.br\/?p=16095#primaryimage"},"thumbnailUrl":"https:\/\/primeirospassos.ind.br\/wp-content\/uploads\/2025\/06\/Primeiros_Passos_02-06.png","datePublished":"2025-09-23T19:38:37+00:00","dateModified":"2025-09-23T19:39:39+00:00","breadcrumb":{"@id":"https:\/\/primeirospassos.ind.br\/?p=16095#breadcrumb"},"inLanguage":"en-US","potentialAction":[{"@type":"ReadAction","target":["https:\/\/primeirospassos.ind.br\/?p=16095"]}]},{"@type":"ImageObject","inLanguage":"en-US","@id":"https:\/\/primeirospassos.ind.br\/?p=16095#primaryimage","url":"https:\/\/primeirospassos.ind.br\/wp-content\/uploads\/2025\/06\/Primeiros_Passos_02-06.png","contentUrl":"https:\/\/primeirospassos.ind.br\/wp-content\/uploads\/2025\/06\/Primeiros_Passos_02-06.png","width":1080,"height":1350},{"@type":"BreadcrumbList","@id":"https:\/\/primeirospassos.ind.br\/?p=16095#breadcrumb","itemListElement":[{"@type":"ListItem","position":1,"name":"Home","item":"https:\/\/primeirospassos.ind.br\/"},{"@type":"ListItem","position":2,"name":"A versatilidade das meias personalizadas: de eventos a e-commerce"}]},{"@type":"WebSite","@id":"https:\/\/primeirospassos.ind.br\/#website","url":"https:\/\/primeirospassos.ind.br\/","name":"Primeiros Passos - Ind\u00fastria de Meias","description":"Meias Personalizadas do seu Jeito!","publisher":{"@id":"https:\/\/primeirospassos.ind.br\/#organization"},"potentialAction":[{"@type":"SearchAction","target":{"@type":"EntryPoint","urlTemplate":"https:\/\/primeirospassos.ind.br\/?s={search_term_string}"},"query-input":{"@type":"PropertyValueSpecification","valueRequired":true,"valueName":"search_term_string"}}],"inLanguage":"en-US"},{"@type":"Organization","@id":"https:\/\/primeirospassos.ind.br\/#organization","name":"Primeiros Passos","url":"https:\/\/primeirospassos.ind.br\/","logo":{"@type":"ImageObject","inLanguage":"en-US","@id":"https:\/\/primeirospassos.ind.br\/#\/schema\/logo\/image\/","url":"https:\/\/primeirospassos.ind.br\/wp-content\/uploads\/2025\/06\/Logo-Primeiros-Passos-02.png","contentUrl":"https:\/\/primeirospassos.ind.br\/wp-content\/uploads\/2025\/06\/Logo-Primeiros-Passos-02.png","width":1500,"height":700,"caption":"Primeiros Passos"},"image":{"@id":"https:\/\/primeirospassos.ind.br\/#\/schema\/logo\/image\/"},"sameAs":["https:\/\/www.instagram.com\/primeirospassos.ind\/"]},{"@type":"Person","@id":"https:\/\/primeirospassos.ind.br\/#\/schema\/person\/e9d1152b84388ed9b723ddb51406d231","name":"ppassos","image":{"@type":"ImageObject","inLanguage":"en-US","@id":"https:\/\/primeirospassos.ind.br\/#\/schema\/person\/image\/","url":"https:\/\/secure.gravatar.com\/avatar\/213f66d1afaeeb48edca145a39413d86b7c88a35ea023ba70928e7140bb1a540?s=96&d=mm&r=g","contentUrl":"https:\/\/secure.gravatar.com\/avatar\/213f66d1afaeeb48edca145a39413d86b7c88a35ea023ba70928e7140bb1a540?s=96&d=mm&r=g","caption":"ppassos"},"sameAs":["http:\/\/primeiros-passos.local"],"url":"https:\/\/primeirospassos.ind.br\/?author=1"}]}},"_links":{"self":[{"href":"https:\/\/primeirospassos.ind.br\/index.php?rest_route=\/wp\/v2\/posts\/16095","targetHints":{"allow":["GET"]}}],"collection":[{"href":"https:\/\/primeirospassos.ind.br\/index.php?rest_route=\/wp\/v2\/posts"}],"about":[{"href":"https:\/\/primeirospassos.ind.br\/index.php?rest_route=\/wp\/v2\/types\/post"}],"author":[{"embeddable":true,"href":"https:\/\/primeirospassos.ind.br\/index.php?rest_route=\/wp\/v2\/users\/1"}],"replies":[{"embeddable":true,"href":"https:\/\/primeirospassos.ind.br\/index.php?rest_route=%2Fwp%2Fv2%2Fcomments&post=16095"}],"version-history":[{"count":4,"href":"https:\/\/primeirospassos.ind.br\/index.php?rest_route=\/wp\/v2\/posts\/16095\/revisions"}],"predecessor-version":[{"id":16099,"href":"https:\/\/primeirospassos.ind.br\/index.php?rest_route=\/wp\/v2\/posts\/16095\/revisions\/16099"}],"wp:featuredmedia":[{"embeddable":true,"href":"https:\/\/primeirospassos.ind.br\/index.php?rest_route=\/wp\/v2\/media\/15870"}],"wp:attachment":[{"href":"https:\/\/primeirospassos.ind.br\/index.php?rest_route=%2Fwp%2Fv2%2Fmedia&parent=16095"}],"wp:term":[{"taxonomy":"category","embeddable":true,"href":"https:\/\/primeirospassos.ind.br\/index.php?rest_route=%2Fwp%2Fv2%2Fcategories&post=16095"},{"taxonomy":"post_tag","embeddable":true,"href":"https:\/\/primeirospassos.ind.br\/index.php?rest_route=%2Fwp%2Fv2%2Ftags&post=16095"}],"curies":[{"name":"wp","href":"https:\/\/api.w.org\/{rel}","templated":true}]}}